{"id":368,"date":"2025-04-14T12:25:04","date_gmt":"2025-04-14T10:25:04","guid":{"rendered":"https:\/\/airspe.org\/?p=368"},"modified":"2025-08-17T12:25:49","modified_gmt":"2025-08-17T10:25:49","slug":"hommage-a-frederique-lerbet-sereni","status":"publish","type":"post","link":"https:\/\/airspe.org\/index.php\/2025\/04\/14\/hommage-a-frederique-lerbet-sereni\/","title":{"rendered":"Hommage \u00e0 Fr\u00e9d\u00e9rique Lerbet-S\u00e9r\u00e9ni"},"content":{"rendered":"\n<p>C&#8217;est une tr\u00e8s triste nouvelle que la disparition de Fred. J&#8217;ai eu l&#8217;immense chance d&#8217;avoir \u00e9t\u00e9 accompagn\u00e9 par elle pour ma th\u00e8se. Sa r\u00e9flexion sur l&#8217;accompagnement et surtout sa pratique de l&#8217;accompagnement offrait un cadre authentiquement ouvert \u00e0 la libert\u00e9 de chercher, \u00e0 la sensibilit\u00e9 du chercheur, \u00e0 probl\u00e9matiser ce qui l&#8217;\u00e9prouve et qui l&#8217;anime. Je mesure, en cette \u00e9poque actuelle si dure envers une pratique ouverte des sciences, \u00e0 quel point cette libert\u00e9 a \u00e9t\u00e9 pr\u00e9cieuse aussi bien pour ceux qu&#8217;elle accompagnait que dans sa pens\u00e9e si originale dans les sciences de l&#8217;\u00e9ducation et de la formation. Elle \u00e9tait tr\u00e8s attach\u00e9e au renouvellement de sa pens\u00e9e qui restera vivante au-del\u00e0 de sa mort. Elle avait tenu \u00e0 mettre ses textes sur HAL car elle \u00e9tait aussi tr\u00e8s attach\u00e9e \u00e0 la transmission mais une transmission qui ne b\u00e9gaie pas ses ma\u00eetres comme elle aimait \u00e0 dire. Voici le lien vers son CV HAL avec nombre de ses textes :<\/p>\n\n\n\n<p><a href=\"https:\/\/cv.hal.science\/frederique-lerbet-sereni\">https:\/\/cv.hal.science\/frederique-lerbet-sereni<\/a><\/p>\n\n\n\n<p>Je vous invite tr\u00e8s sinc\u00e8rement \u00e0 parcourir et \u00e0 lire ses textes si riches et sachant si bien accueillir l&#8217;incarnation du chercheur, jusqu&#8217;\u00e0 la mort. Je reprend une phrase de sa pr\u00e9sentation sur HAL : &#8221; Aujourd\u2019hui c\u2019est \u00e0 partir de la mort comme fondement, &#8211; inconnaissable absolu-, des modes relationnels in-possibles \u00e0 soi, \u00e0 l\u2019autre, au savoir et au monde, qu\u2019elle poursuit sa contribution \u00e0 une anthropologie de l\u2019\u00e9ducation&#8221;. C&#8217;est \u00e0 travers la figure imaginaire d&#8217;Antigone, figure qui se tient debout face aux hubris du pouvoir, qu&#8217;elle a fait cette travers\u00e9e de chercheuse mais aussi d&#8217;amie, de compagnon de chemin. Elle me manque d\u00e9j\u00e0 beaucoup.<\/p>\n\n\n\n<p>J&#8217;ai envie de rajouter un texte,&#8221; De l&#8217;humus&#8221; qu&#8217;elle avait lu en conclusion du colloque &#8220;La recherche en \u00e9ducation dans le contexte de l&#8217;anthropoc\u00e8ne&#8221; organis\u00e9 par L&#8217;AFIRSE section fran\u00e7aise en novembre 2021 (https:\/\/shs.hal.science\/halshs-03829298) :<\/p>\n\n\n\n<p>&#8221; C\u0327a va plut\u00f4t bien, pour conclure.<\/p>\n\n\n\n<p>Le trouble avec lequel il nous faut vivre (D. Haraway), le moment anthropoc\u00e8ne\/capitaloc\u00e8ne\/plantatioc\u00e8ne\/chtuhuluc\u00e8ne qui nous \u00e9choit en conscience et r\u00e9alisation progressives, finit par me rendre heureuse : sans lui, je serai morte moins vivante, car moins soucieuse, moins intranquille de nous tous, bestioles et autres formes de vie, tous terriens. Et voil\u00e0 qu\u2019il nous est offert de s\u2019\u00e9duquer et de s\u2019en \u00e9duquer, ensemble, dans des bouleversements g\u00e9n\u00e9rationnels souvent magnifiques. Mon p\u00e8re, que certains d\u2019entre vous ici ont connu, bien rog\u00e9rien, avait coutume de dire : \u00ab les parents sont comme leurs enfants les \u00e9l\u00e8vent \u00bb. Encore faut-il que les parents sachent recevoir cette \u00e9ducation de leurs enfants en m\u00eame temps qu\u2019ils les \u00e9duquent ; que les enseignants sachent s\u2019apprendre des \u00e9tudiants en m\u00eame temps qu\u2019ils les enseignent ; que la transmission se tienne en r\u00e9ception, et r\u00e9ciproquement ; qu\u2019on se sache pas trop sachants, les uns et les autres &#8220;.<\/p>\n\n\n\n<p>Ce texte nous console un peu de sa mort et il est une belle invitation \u00e0 continuer son \u0153uvre comme elle l&#8217;avait fait, \u00e0 sa mani\u00e8re, \u00e0 la suite de son p\u00e8re, Georges Lerbet.<\/p>\n\n\n\n<p>Il me semble important de poursuivre sa contribution, chacun aussi \u00e0 sa mani\u00e8re, que ce soit \u00e0 travers une journ\u00e9e en son honneur ou d&#8217;\u00e9critures.&#8221;<\/p>\n\n\n\n<p>Amicalement,<br>Olivier Gaudin<\/p>\n","protected":false},"excerpt":{"rendered":"<p>C&#8217;est une tr\u00e8s triste nouvelle que la disparition de Fred. J&#8217;ai eu l&#8217;immense chance d&#8217;avoir \u00e9t\u00e9 accompagn\u00e9 par elle pour ma th\u00e8se. Sa r\u00e9flexion sur l&#8217;accompagnement et surtout sa pratique de l&#8217;accompagnement offrait un cadre authentiquement ouvert \u00e0 la libert\u00e9 de chercher, \u00e0 la sensibilit\u00e9 du chercheur, \u00e0 probl\u00e9matiser ce qui l&#8217;\u00e9prouve et qui l&#8217;anime. [&hellip;]<\/p>\n","protected":false},"author":1,"featured_media":0,"comment_status":"open","ping_status":"open","sticky":false,"template":"","format":"standard","meta":{"site-sidebar-layout":"default","site-content-layout":"","ast-site-content-layout":"default","site-content-style":"default","site-sidebar-style":"default","ast-global-header-display":"","ast-banner-title-visibility":"","ast-main-header-display":"","ast-hfb-above-header-display":"","ast-hfb-below-header-display":"","ast-hfb-mobile-header-display":"","site-post-title":"","ast-breadcrumbs-content":"","ast-featured-img":"","footer-sml-layout":"","ast-disable-related-posts":"","theme-transparent-header-meta":"","adv-header-id-meta":"","stick-header-meta":"","header-above-stick-meta":"","header-main-stick-meta":"","header-below-stick-meta":"","astra-migrate-meta-layouts":"default","ast-page-background-enabled":"default","ast-page-background-meta":{"desktop":{"background-color":"var(--ast-global-color-5)","background-image":"","background-repeat":"repeat","background-position":"center center","background-size":"auto","background-attachment":"scroll","background-type":"","background-media":"","overlay-type":"","overlay-color":"","overlay-opacity":"","overlay-gradient":""},"tablet":{"background-color":"","background-image":"","background-repeat":"repeat","background-position":"center center","background-size":"auto","background-attachment":"scroll","background-type":"","background-media":"","overlay-type":"","overlay-color":"","overlay-opacity":"","overlay-gradient":""},"mobile":{"background-color":"","background-image":"","background-repeat":"repeat","background-position":"center center","background-size":"auto","background-attachment":"scroll","background-type":"","background-media":"","overlay-type":"","overlay-color":"","overlay-opacity":"","overlay-gradient":""}},"ast-content-background-meta":{"desktop":{"background-color":"var(--ast-global-color-4)","background-image":"","background-repeat":"repeat","background-position":"center center","background-size":"auto","background-attachment":"scroll","background-type":"","background-media":"","overlay-type":"","overlay-color":"","overlay-opacity":"","overlay-gradient":""},"tablet":{"background-color":"var(--ast-global-color-4)","background-image":"","background-repeat":"repeat","background-position":"center center","background-size":"auto","background-attachment":"scroll","background-type":"","background-media":"","overlay-type":"","overlay-color":"","overlay-opacity":"","overlay-gradient":""},"mobile":{"background-color":"var(--ast-global-color-4)","background-image":"","background-repeat":"repeat","background-position":"center center","background-size":"auto","background-attachment":"scroll","background-type":"","background-media":"","overlay-type":"","overlay-color":"","overlay-opacity":"","overlay-gradient":""}},"footnotes":""},"categories":[21],"tags":[],"class_list":["post-368","post","type-post","status-publish","format-standard","hentry","category-actualite"],"_links":{"self":[{"href":"https:\/\/airspe.org\/index.php\/wp-json\/wp\/v2\/posts\/368","targetHints":{"allow":["GET"]}}],"collection":[{"href":"https:\/\/airspe.org\/index.php\/wp-json\/wp\/v2\/posts"}],"about":[{"href":"https:\/\/airspe.org\/index.php\/wp-json\/wp\/v2\/types\/post"}],"author":[{"embeddable":true,"href":"https:\/\/airspe.org\/index.php\/wp-json\/wp\/v2\/users\/1"}],"replies":[{"embeddable":true,"href":"https:\/\/airspe.org\/index.php\/wp-json\/wp\/v2\/comments?post=368"}],"version-history":[{"count":1,"href":"https:\/\/airspe.org\/index.php\/wp-json\/wp\/v2\/posts\/368\/revisions"}],"predecessor-version":[{"id":369,"href":"https:\/\/airspe.org\/index.php\/wp-json\/wp\/v2\/posts\/368\/revisions\/369"}],"wp:attachment":[{"href":"https:\/\/airspe.org\/index.php\/wp-json\/wp\/v2\/media?parent=368"}],"wp:term":[{"taxonomy":"category","embeddable":true,"href":"https:\/\/airspe.org\/index.php\/wp-json\/wp\/v2\/categories?post=368"},{"taxonomy":"post_tag","embeddable":true,"href":"https:\/\/airspe.org\/index.php\/wp-json\/wp\/v2\/tags?post=368"}],"curies":[{"name":"wp","href":"https:\/\/api.w.org\/{rel}","templated":true}]}}